{"id":1874,"date":"2023-07-14T00:39:00","date_gmt":"2023-07-13T21:39:00","guid":{"rendered":"http:\/\/www.elazigtsoavantaj.com\/tr\/?p=1874"},"modified":"2026-04-02T00:40:24","modified_gmt":"2026-04-01T21:40:24","slug":"elazig-tso-uyelerine-havacilik-ve-teknoloji-egitiminde-20-indirim","status":"publish","type":"post","link":"https:\/\/www.elazigtsoavantaj.com\/tr\/index.php\/2023\/07\/14\/elazig-tso-uyelerine-havacilik-ve-teknoloji-egitiminde-20-indirim\/","title":{"rendered":"Elaz\u0131\u011f TSO \u00dcyelerine Havac\u0131l\u0131k ve Teknoloji E\u011fitiminde %20 \u0130ndirim!"},"content":{"rendered":"<p>Elaz\u0131\u011f Ticaret ve Sanayi Odas\u0131 Y\u00f6netim Kurulu Ba\u015fkan\u0131m\u0131z <strong>Say\u0131n \u0130dris Alan<\/strong>, Elaz\u0131\u011f Bo\u011fazi\u00e7i Havac\u0131l\u0131k ve Teknoloji Koleji Genel M\u00fcd\u00fcr\u00fc <strong>Say\u0131n Sel\u00e7uk Tanr\u0131verdi<\/strong> ve Kurucu \u00dcye <strong>Say\u0131n Adnan Kurt<\/strong>\u2019u makam\u0131nda a\u011f\u0131rlad\u0131.<\/p><p>Odam\u0131z\u0131n &#8220;\u00dcye Avantaj Sistemi&#8221; kapsam\u0131nda, gelece\u011fin stratejik sekt\u00f6rlerinden olan havac\u0131l\u0131k ve teknoloji e\u011fitimini desteklemek amac\u0131yla yeni bir i\u015f birli\u011fi protokol\u00fcne imza at\u0131ld\u0131. Elaz\u0131\u011f TSO Y\u00f6netim Kurulu Ba\u015fkan\u0131m\u0131z Say\u0131n \u0130dris Alan ve kolej heyeti aras\u0131nda imzalanan protokol \u00e7er\u00e7evesinde; \u00fcyelerimizin \u00e7ocuklar\u0131 i\u00e7in e\u011fitim kay\u0131t \u00fccretlerinde <strong>%20 oran\u0131nda \u00f6zel indirim<\/strong> imkan\u0131 sa\u011fland\u0131.<\/p><p>Y\u00f6netim Kurulu Ba\u015fkan\u0131m\u0131z Say\u0131n \u0130dris Alan, gen\u00e7lerimizi nitelikli ve teknik e\u011fitime y\u00f6nlendirmenin \u00f6nemine de\u011finerek; nazik ziyaretleri ve \u00fcyelerimize sa\u011flad\u0131klar\u0131 bu de\u011ferli e\u011fitim deste\u011fi vesilesiyle Say\u0131n Sel\u00e7uk Tanr\u0131verdi ve Say\u0131n Adnan Kurt\u2019a te\u015fekk\u00fcrlerini iletti.<\/p><figure class=\"wp-block-image size-large\"><img fetchpriority=\"high\" decoding=\"async\" width=\"1024\" height=\"576\" src=\"https:\/\/www.elazigtsoavantaj.com\/tr\/wp-content\/uploads\/2026\/04\/bw-1024x576.jpeg\" alt=\"\" class=\"wp-image-1875\" srcset=\"https:\/\/www.elazigtsoavantaj.com\/tr\/wp-content\/uploads\/2026\/04\/bw-1024x576.jpeg 1024w, https:\/\/www.elazigtsoavantaj.com\/tr\/wp-content\/uploads\/2026\/04\/bw-768x432.jpeg 768w, https:\/\/www.elazigtsoavantaj.com\/tr\/wp-content\/uploads\/2026\/04\/bw-600x338.jpeg 600w, https:\/\/www.elazigtsoavantaj.com\/tr\/wp-content\/uploads\/2026\/04\/bw.jpeg 1600w\" sizes=\"(max-width: 1024px) 100vw, 1024px\" \/><\/figure>","protected":false},"excerpt":{"rendered":"<p>Elaz\u0131\u011f Ticaret ve Sanayi Odas\u0131 Y\u00f6netim Kurulu Ba\u015fkan\u0131m\u0131z Say\u0131n \u0130dris Alan, Elaz\u0131\u011f Bo\u011fazi\u00e7i Havac\u0131l\u0131k ve Teknoloji Koleji Genel M\u00fcd\u00fcr\u00fc Say\u0131n Sel\u00e7uk Tanr\u0131verdi ve Kurucu \u00dcye Say\u0131n Adnan Kurt\u2019u makam\u0131nda a\u011f\u0131rlad\u0131. [&hellip;]<\/p>\n","protected":false},"author":1,"featured_media":1875,"comment_status":"closed","ping_status":"closed","sticky":false,"template":"","format":"standard","meta":{"_price":"","_stock":"","_tribe_ticket_header":"","_tribe_default_ticket_provider":"","_tribe_ticket_capacity":"0","_ticket_start_date":"","_ticket_end_date":"","_tribe_ticket_show_description":"","_tribe_ticket_show_not_going":false,"_tribe_ticket_use_global_stock":"","_tribe_ticket_global_stock_level":"","_global_stock_mode":"","_global_stock_cap":"","_tribe_rsvp_for_event":"","_tribe_ticket_going_count":"","_tribe_ticket_not_going_count":"","_tribe_tickets_list":"[]","_tribe_ticket_has_attendee_info_fields":false,"footnotes":""},"categories":[1],"tags":[],"class_list":["post-1874","post","type-post","status-publish","format-standard","has-post-thumbnail","hentry","category-genel"],"_links":{"self":[{"href":"https:\/\/www.elazigtsoavantaj.com\/tr\/index.php\/wp-json\/wp\/v2\/posts\/1874","targetHints":{"allow":["GET"]}}],"collection":[{"href":"https:\/\/www.elazigtsoavantaj.com\/tr\/index.php\/wp-json\/wp\/v2\/posts"}],"about":[{"href":"https:\/\/www.elazigtsoavantaj.com\/tr\/index.php\/wp-json\/wp\/v2\/types\/post"}],"author":[{"embeddable":true,"href":"https:\/\/www.elazigtsoavantaj.com\/tr\/index.php\/wp-json\/wp\/v2\/users\/1"}],"replies":[{"embeddable":true,"href":"https:\/\/www.elazigtsoavantaj.com\/tr\/index.php\/wp-json\/wp\/v2\/comments?post=1874"}],"version-history":[{"count":1,"href":"https:\/\/www.elazigtsoavantaj.com\/tr\/index.php\/wp-json\/wp\/v2\/posts\/1874\/revisions"}],"predecessor-version":[{"id":1876,"href":"https:\/\/www.elazigtsoavantaj.com\/tr\/index.php\/wp-json\/wp\/v2\/posts\/1874\/revisions\/1876"}],"wp:featuredmedia":[{"embeddable":true,"href":"https:\/\/www.elazigtsoavantaj.com\/tr\/index.php\/wp-json\/wp\/v2\/media\/1875"}],"wp:attachment":[{"href":"https:\/\/www.elazigtsoavantaj.com\/tr\/index.php\/wp-json\/wp\/v2\/media?parent=1874"}],"wp:term":[{"taxonomy":"category","embeddable":true,"href":"https:\/\/www.elazigtsoavantaj.com\/tr\/index.php\/wp-json\/wp\/v2\/categories?post=1874"},{"taxonomy":"post_tag","embeddable":true,"href":"https:\/\/www.elazigtsoavantaj.com\/tr\/index.php\/wp-json\/wp\/v2\/tags?post=1874"}],"curies":[{"name":"wp","href":"https:\/\/api.w.org\/{rel}","templated":true}]}}